{"id":669,"date":"2023-10-22T14:34:52","date_gmt":"2023-10-22T14:34:52","guid":{"rendered":"https:\/\/taekwondo-maxhuette.de\/?p=669"},"modified":"2025-11-17T07:56:49","modified_gmt":"2025-11-17T07:56:49","slug":"5-neue-schwarzgurte-beim-taekwondo-sv-maxhuette","status":"publish","type":"post","link":"https:\/\/taekwondo-maxhuette.de\/?p=669","title":{"rendered":"5 Neue Schwarzgurte beim Taekwondo SV Maxh\u00fctte"},"content":{"rendered":"<p><img loading=\"lazy\" decoding=\"async\" class=\"alignnone size-medium wp-image-670\" src=\"https:\/\/taekwondo-maxhuette.de\/wp-content\/uploads\/2023\/10\/IMG-20231021-WA00081-300x200.jpg\" alt=\"\" width=\"300\" height=\"200\" srcset=\"https:\/\/taekwondo-maxhuette.de\/wp-content\/uploads\/2023\/10\/IMG-20231021-WA00081-300x200.jpg 300w, https:\/\/taekwondo-maxhuette.de\/wp-content\/uploads\/2023\/10\/IMG-20231021-WA00081-1024x681.jpg 1024w, https:\/\/taekwondo-maxhuette.de\/wp-content\/uploads\/2023\/10\/IMG-20231021-WA00081-768x511.jpg 768w, https:\/\/taekwondo-maxhuette.de\/wp-content\/uploads\/2023\/10\/IMG-20231021-WA00081-1536x1021.jpg 1536w, https:\/\/taekwondo-maxhuette.de\/wp-content\/uploads\/2023\/10\/IMG-20231021-WA00081-526x350.jpg 526w, https:\/\/taekwondo-maxhuette.de\/wp-content\/uploads\/2023\/10\/IMG-20231021-WA00081.jpg 1600w\" sizes=\"auto, (max-width: 300px) 100vw, 300px\" \/>&nbsp; <strong>Gratulation!<\/strong><\/p>\n<p>Zum ersten Mal in der 37-j\u00e4hrigen Vereinsgeschichte des Taekwondo SV Maxh\u00fctte\/Haidhof hatte der Verein am heutigen Samstag in die Mehrzweckhalle an der Nordgaustra\u00dfe zu einer sog. Vereins-DAN-Pr\u00fcfung eingeladen.<\/p>\n<p>F\u00fcnf Teilnehmer\/Innen stellten sich dabei der Pr\u00fcfung zum 1. bzw. zum 2. DAN in der koreanischen Kampfsportart Taekwondo. Als Pr\u00fcfer der Deutschen Taekwondo Union fungierte Ludwig Stegerer aus Wolfsegg, der selbst 40 Jahre Taekwondo betreibt und den 4. DAN tr\u00e4gt.<\/p>\n<p>Dabei mussten sich die f\u00fcnf Pr\u00fcflinge, die neben den normalen \u00dcbungseinheiten seit 8 Monaten in einem speziellen Training von ihren Trainern Dirk Heinrich, 3. DAN und Markus Winter, 2. DAN auf den gro\u00dfen Tag vorbereitet wurden, den kritischen Augen des Pr\u00fcfers stellen und ihr K\u00f6nnen unter Beweis stellen. So wurden die Bereiche Poomsae (Formenlauf), Ilbo-Taeryon (Ein-Schritt-Kampf), Hosinsul (Selbstverteidigung), Kyorugi (Wettkampf) und schlie\u00dflich Kyek-Pa (Bruchtest) abgepr\u00fcft.<\/p>\n<p>Am Ende der dreist\u00fcndigen Pr\u00fcfung konnten alle f\u00fcnf mit den gezeigten Leistungen \u00fcberzeugen und aus den H\u00e4nden des Pr\u00fcfers Ludwig Stegerer den begehrten schwarzen G\u00fcrtel mit der entsprechenden Urkunde bzw. die Urkunde zum 2. DAN entgegen nehmen.<\/p>\n<p>Andre Schleinkofer und Diana Bender sind somit ab sofort Tr\u00e4ger des 2. DAN, Eva Eckmeder, Elena Hauptig und Michael Leist Tr\u00e4ger des 1. DAN Taekwondo.<\/p>\n<p>Ein gro\u00dfen Dank an alle beteiligten Helfer, Organisatoren, Kuchenb\u00e4cker, Bretthalter und Zuschauer!!!<\/p>\n","protected":false},"excerpt":{"rendered":"<p>&nbsp; Gratulation! Zum ersten Mal in der 37-j\u00e4hrigen Vereinsgeschichte des Taekwondo SV Maxh\u00fctte\/Haidhof hatte der Verein am heutigen Samstag in die Mehrzweckhalle an der Nordgaustra\u00dfe zu einer sog. Vereins-DAN-Pr\u00fcfung eingeladen. F\u00fcnf Teilnehmer\/Innen stellten sich dabei der Pr\u00fcfung zum 1. bzw. zum 2. DAN in der koreanischen Kampfsportart Taekwondo. Als Pr\u00fcfer &hellip;<\/p>\n","protected":false},"author":3,"featured_media":0,"comment_status":"closed","ping_status":"closed","sticky":false,"template":"","format":"standard","meta":{"footnotes":""},"categories":[1],"tags":[],"class_list":["post-669","post","type-post","status-publish","format-standard","hentry","category-allgemein"],"_links":{"self":[{"href":"https:\/\/taekwondo-maxhuette.de\/index.php?rest_route=\/wp\/v2\/posts\/669","targetHints":{"allow":["GET"]}}],"collection":[{"href":"https:\/\/taekwondo-maxhuette.de\/index.php?rest_route=\/wp\/v2\/posts"}],"about":[{"href":"https:\/\/taekwondo-maxhuette.de\/index.php?rest_route=\/wp\/v2\/types\/post"}],"author":[{"embeddable":true,"href":"https:\/\/taekwondo-maxhuette.de\/index.php?rest_route=\/wp\/v2\/users\/3"}],"replies":[{"embeddable":true,"href":"https:\/\/taekwondo-maxhuette.de\/index.php?rest_route=%2Fwp%2Fv2%2Fcomments&post=669"}],"version-history":[{"count":0,"href":"https:\/\/taekwondo-maxhuette.de\/index.php?rest_route=\/wp\/v2\/posts\/669\/revisions"}],"wp:attachment":[{"href":"https:\/\/taekwondo-maxhuette.de\/index.php?rest_route=%2Fwp%2Fv2%2Fmedia&parent=669"}],"wp:term":[{"taxonomy":"category","embeddable":true,"href":"https:\/\/taekwondo-maxhuette.de\/index.php?rest_route=%2Fwp%2Fv2%2Fcategories&post=669"},{"taxonomy":"post_tag","embeddable":true,"href":"https:\/\/taekwondo-maxhuette.de\/index.php?rest_route=%2Fwp%2Fv2%2Ftags&post=669"}],"curies":[{"name":"wp","href":"https:\/\/api.w.org\/{rel}","templated":true}]}}